
{"id":1897,"date":"2016-11-15T15:31:33","date_gmt":"2016-11-15T21:31:33","guid":{"rendered":"http:\/\/www.kymabogados.com\/?p=1897"},"modified":"2022-01-22T13:11:08","modified_gmt":"2022-01-22T19:11:08","slug":"jorge-jesus-kawas-fernandez-2","status":"publish","type":"post","link":"https:\/\/www.kymabogados.com\/es\/jorge-jesus-kawas-fernandez-2\/","title":{"rendered":"Jorge Jes\u00fas Kawas Fernandez"},"content":{"rendered":"<p>[et_pb_section fb_built=&#8221;1&#8243; _builder_version=&#8221;4.14.7&#8243; hover_enabled=&#8221;0&#8243; global_colors_info=&#8221;{}&#8221; theme_builder_area=&#8221;post_content&#8221; custom_margin=&#8221;0px||||false|false&#8221; custom_padding=&#8221;0px||||false|false&#8221; sticky_enabled=&#8221;0&#8243;][et_pb_row _builder_version=&#8221;4.14.7&#8243; background_size=&#8221;initial&#8221; background_position=&#8221;top_left&#8221; background_repeat=&#8221;repeat&#8221; hover_enabled=&#8221;0&#8243; global_colors_info=&#8221;{}&#8221; theme_builder_area=&#8221;post_content&#8221; width=&#8221;100%&#8221; custom_margin=&#8221;0px||||false|false&#8221; custom_padding=&#8221;0px||||false|false&#8221; sticky_enabled=&#8221;0&#8243;][et_pb_column type=&#8221;4_4&#8243; _builder_version=&#8221;3.25&#8243; custom_padding=&#8221;|||&#8221; global_colors_info=&#8221;{}&#8221; custom_padding__hover=&#8221;|||&#8221; theme_builder_area=&#8221;post_content&#8221;][et_pb_text _builder_version=&#8221;3.27.4&#8243; background_size=&#8221;initial&#8221; background_position=&#8221;top_left&#8221; background_repeat=&#8221;repeat&#8221; global_colors_info=&#8221;{}&#8221; theme_builder_area=&#8221;post_content&#8221;]<strong><u>Formaci\u00f3n Acad\u00e9mica:<\/u><\/strong><\/p>\n<ul>\n<li><strong>M\u00e1ster en Integraci\u00f3n Econ\u00f3mica (Belgica)<\/strong><\/li>\n<li><strong>M\u00e1ster en Planificaci\u00f3n Econ\u00f3mica (Belgica)<\/strong><\/li>\n<li><strong>Especialista en Finanzas Corporativas<br \/>\n<\/strong>Instituto Tecnol\u00f3gico de Monterrey (M\u00e9xico)<\/li>\n<li><strong>Especialista en Gerencia Bancaria<br \/>\n<\/strong>UNITEC &amp; Instituto Tecnol\u00f3gico de Monterrey (M\u00e9xico\/Honduras)<\/li>\n<li><strong>Especialista en Derecho Penal y Procesal Penal<br \/>\n<\/strong>Universidad Nacional Aut\u00f3noma de Honduras<\/li>\n<li><strong>Licenciado en Derecho con orientaci\u00f3n en Derecho Mercantil<br \/>\n<\/strong>Universidad Nacional Aut\u00f3noma de Honduras<\/li>\n<li><strong>Licenciado en Econom\u00eda<br \/>\n<\/strong>Universidad Nacional Aut\u00f3noma de Honduras<\/li>\n<\/ul>\n<p>&nbsp;<\/p>\n<p><strong><u>Idiomas:<\/u><\/strong><\/p>\n<blockquote><p>Espa\u00f1ol<\/p>\n<p>Ingl\u00e9s<\/p>\n<p>Franc\u00e9s<\/p><\/blockquote>\n<p>&nbsp;<\/p>\n<p><strong><u>Experiencia Profesional:<\/u><\/strong><\/p>\n<ul>\n<li><strong>Economista del Banco Centroamericano de Integraci\u00f3n Econ\u00f3mica (ret.)<\/strong><\/li>\n<li><strong>Abogado de la Oficina de Asuntos Jur\u00eddicos del Banco Centroamericano de Integraci\u00f3n Econ\u00f3mica (ret.)<\/strong><\/li>\n<li><strong>Catedr\u00e1tico de Desarrollo Econ\u00f3mico (ret.)<br \/>\n<\/strong>Universidad Nacional Aut\u00f3noma de Honduras.<\/li>\n<li><strong>25 a\u00f1os de experiencia en derecho mercantil, econom\u00eda y asuntos financieros<\/strong><\/li>\n<li><strong>Asesor de corporaciones multinacionales y agencias de cooperaci\u00f3n internacional<\/strong><\/li>\n<\/ul>\n<p>&nbsp;<\/p>\n<p><strong><u>Servicio P\u00fablico:<\/u><\/strong><\/p>\n<ul>\n<li>Exdirector de la Direcci\u00f3n de Migraci\u00f3n y Extranjer\u00eda<\/li>\n<li>Exsecretario segundo de la Embajada de Honduras en Belgica<\/li>\n<\/ul>\n<p>&nbsp;<\/p>\n<p><strong><u>Publicaciones:<\/u><\/strong><\/p>\n<ul>\n<li>La Responsabilidad Civil Derivada del Delito<\/li>\n<\/ul>\n<p><strong>\u00a0<\/strong><\/p>\n<p><strong><u>Colegiaciones:<\/u><\/strong><\/p>\n<ul>\n<li>Colegio de Abogados de Honduras<\/li>\n<li>Miembro de la C\u00e1mara de Comercio Hondure\u00f1o-Alemana<\/li>\n<\/ul>\n<p>[\/et_pb_text][\/et_pb_column][\/et_pb_row][\/et_pb_section]<\/p>\n","protected":false},"excerpt":{"rendered":"<p>Formaci\u00f3n Acad\u00e9mica: M\u00e1ster en Integraci\u00f3n Econ\u00f3mica (Belgica) M\u00e1ster en Planificaci\u00f3n Econ\u00f3mica (Belgica) Especialista en Finanzas Corporativas Instituto Tecnol\u00f3gico de Monterrey (M\u00e9xico) Especialista en Gerencia Bancaria UNITEC &amp; Instituto Tecnol\u00f3gico de Monterrey (M\u00e9xico\/Honduras) Especialista en Derecho Penal y Procesal Penal Universidad Nacional Aut\u00f3noma de Honduras Licenciado en Derecho con orientaci\u00f3n en Derecho Mercantil Universidad Nacional Aut\u00f3noma de Honduras Licenciado en Econom\u00eda Universidad Nacional Aut\u00f3noma de Honduras &nbsp; Idiomas: Espa\u00f1ol Ingl\u00e9s Franc\u00e9s &nbsp; Experiencia Profesional: Economista del Banco Centroamericano de Integraci\u00f3n Econ\u00f3mica (ret.) Abogado de la Oficina de Asuntos Jur\u00eddicos del Banco Centroamericano de Integraci\u00f3n Econ\u00f3mica (ret.) Catedr\u00e1tico de Desarrollo Econ\u00f3mico (ret.) Universidad Nacional Aut\u00f3noma de Honduras. 25 a\u00f1os de experiencia en derecho mercantil, econom\u00eda y asuntos financieros Asesor de corporaciones multinacionales y agencias de cooperaci\u00f3n internacional &nbsp; Servicio P\u00fablico: Exdirector de la Direcci\u00f3n de Migraci\u00f3n y Extranjer\u00eda Exsecretario segundo de la Embajada de Honduras en Belgica &nbsp; Publicaciones: La Responsabilidad Civil Derivada del Delito \u00a0 Colegiaciones: Colegio de Abogados de Honduras Miembro de la C\u00e1mara de Comercio Hondure\u00f1o-Alemana<\/p>\n","protected":false},"author":14,"featured_media":0,"comment_status":"closed","ping_status":"closed","sticky":false,"template":"","format":"standard","meta":{"_et_pb_use_builder":"on","_et_pb_old_content":"<p><strong><u>Formaci\u00f3n Acad\u00e9mica:<\/u><\/strong><\/p><ul><li><strong>M\u00e1ster en Integraci\u00f3n Econ\u00f3mica (Belgica)<\/strong><\/li><li><strong>M\u00e1ster en Planificaci\u00f3n Econ\u00f3mica (Belgica)<\/strong><\/li><li><strong>Especialista en Finanzas Corporativas<br \/><\/strong>Instituto Tecnol\u00f3gico de Monterrey (M\u00e9xico)<\/li><li><strong>Especialista en Gerencia Bancaria<br \/><\/strong>UNITEC &amp; Instituto Tecnol\u00f3gico de Monterrey (M\u00e9xico\/Honduras)<\/li><li><strong>Especialista en Derecho Penal y Procesal Penal<br \/><\/strong>Universidad Nacional Aut\u00f3noma de Honduras<\/li><li><strong>Licenciado en Derecho con orientaci\u00f3n en Derecho Mercantil<br \/><\/strong>Universidad Nacional Aut\u00f3noma de Honduras<\/li><li><strong>Licenciado en Econom\u00eda<br \/><\/strong>Universidad Nacional Aut\u00f3noma de Honduras<\/li><\/ul><p>\u00a0<\/p><p><strong><u>Idiomas:<\/u><\/strong><\/p><blockquote><p>Espa\u00f1ol<\/p><p>Ingl\u00e9s<\/p><p>Franc\u00e9s<\/p><\/blockquote><p>\u00a0<\/p><p><strong><u>Experiencia Profesional:<\/u><\/strong><\/p><ul><li><strong>Economista del Banco Centroamericano de Integraci\u00f3n Econ\u00f3mica (ret.)<\/strong><\/li><li><strong>Abogado de la Oficina de Asuntos Jur\u00eddicos del Banco Centroamericano de Integraci\u00f3n Econ\u00f3mica (ret.)<\/strong><\/li><li><strong>Catedr\u00e1tico de Desarrollo Econ\u00f3mico (ret.)<br \/><\/strong>Universidad Nacional Aut\u00f3noma de Honduras.<\/li><li><strong>25 a\u00f1os de experiencia en derecho mercantil, econom\u00eda y asuntos financieros<\/strong><\/li><li><strong>Asesor de corporaciones multinacionales y agencias de cooperaci\u00f3n internacional<\/strong><\/li><\/ul><p>\u00a0<\/p><p><strong><u>Servicio P\u00fablico:<\/u><\/strong><\/p><ul><li>Exdirector de la Direcci\u00f3n de Migraci\u00f3n y Extranjer\u00eda<\/li><li>Exsecretario segundo de la Embajada de Honduras en Belgica<\/li><\/ul><p>\u00a0<\/p><p><strong><u>Publicaciones:<\/u><\/strong><\/p><ul><li>La Responsabilidad Civil Derivada del Delito<\/li><\/ul><p><strong>\u00a0<\/strong><\/p><p><strong><u>Colegiaciones:<\/u><\/strong><\/p><ul><li>Colegio de Abogados de Honduras<\/li><li>Miembro de la C\u00e1mara de Comercio Hondure\u00f1o-Alemana<\/li><\/ul>","_et_gb_content_width":"","footnotes":""},"categories":[69],"tags":[284,286],"class_list":["post-1897","post","type-post","status-publish","format-standard","hentry","category-abogados","tag-english-es","tag-espanol-es"],"_links":{"self":[{"href":"https:\/\/www.kymabogados.com\/es\/wp-json\/wp\/v2\/posts\/1897","targetHints":{"allow":["GET"]}}],"collection":[{"href":"https:\/\/www.kymabogados.com\/es\/wp-json\/wp\/v2\/posts"}],"about":[{"href":"https:\/\/www.kymabogados.com\/es\/wp-json\/wp\/v2\/types\/post"}],"author":[{"embeddable":true,"href":"https:\/\/www.kymabogados.com\/es\/wp-json\/wp\/v2\/users\/14"}],"replies":[{"embeddable":true,"href":"https:\/\/www.kymabogados.com\/es\/wp-json\/wp\/v2\/comments?post=1897"}],"version-history":[{"count":6,"href":"https:\/\/www.kymabogados.com\/es\/wp-json\/wp\/v2\/posts\/1897\/revisions"}],"predecessor-version":[{"id":5074,"href":"https:\/\/www.kymabogados.com\/es\/wp-json\/wp\/v2\/posts\/1897\/revisions\/5074"}],"wp:attachment":[{"href":"https:\/\/www.kymabogados.com\/es\/wp-json\/wp\/v2\/media?parent=1897"}],"wp:term":[{"taxonomy":"category","embeddable":true,"href":"https:\/\/www.kymabogados.com\/es\/wp-json\/wp\/v2\/categories?post=1897"},{"taxonomy":"post_tag","embeddable":true,"href":"https:\/\/www.kymabogados.com\/es\/wp-json\/wp\/v2\/tags?post=1897"}],"curies":[{"name":"wp","href":"https:\/\/api.w.org\/{rel}","templated":true}]}}